{"id":8382,"date":"2026-04-30T11:41:33","date_gmt":"2026-04-30T11:41:33","guid":{"rendered":"https:\/\/kamp-glavotok.hr\/?p=8382"},"modified":"2026-04-30T11:57:13","modified_gmt":"2026-04-30T11:57:13","slug":"travel-to-taste-krk","status":"publish","type":"post","link":"https:\/\/kamp-glavotok.hr\/it\/travel-to-taste-krk\/","title":{"rendered":"Travel To Taste Krk"},"content":{"rendered":"<div class=\"fusion-fullwidth fullwidth-box fusion-builder-row-1 fusion-flex-container nonhundred-percent-fullwidth non-hundred-percent-height-scrolling\" style=\"--awb-border-radius-top-left:0px;--awb-border-radius-top-right:0px;--awb-border-radius-bottom-right:0px;--awb-border-radius-bottom-left:0px;--awb-flex-wrap:wrap;\" ><div class=\"fusion-builder-row fusion-row fusion-flex-align-items-flex-start fusion-flex-justify-content-center fusion-flex-content-wrap\" style=\"max-width:1248px;margin-left: calc(-4% \/ 2 );margin-right: calc(-4% \/ 2 );\"><div class=\"fusion-layout-column fusion_builder_column fusion-builder-column-0 fusion_builder_column_1_1 1_1 fusion-flex-column\" style=\"--awb-bg-size:cover;--awb-width-large:100%;--awb-margin-top-large:0px;--awb-spacing-right-large:1.92%;--awb-margin-bottom-large:0px;--awb-spacing-left-large:1.92%;--awb-width-medium:100%;--awb-order-medium:0;--awb-spacing-right-medium:1.92%;--awb-spacing-left-medium:1.92%;--awb-width-small:100%;--awb-order-small:0;--awb-spacing-right-small:1.92%;--awb-spacing-left-small:1.92%;\"><div class=\"fusion-column-wrapper fusion-column-has-shadow fusion-flex-justify-content-flex-start fusion-content-layout-column\"><div class=\"fusion-title title fusion-title-1 fusion-sep-none fusion-title-text fusion-title-size-four\" style=\"--awb-margin-bottom:10px;--awb-margin-top-small:10px;--awb-margin-right-small:0px;--awb-margin-bottom-small:10px;--awb-margin-left-small:0px;\"><h4 class=\"fusion-title-heading title-heading-left\" style=\"margin:0;\">Travel To Taste Krk 2026.<\/h4><\/div><div class=\"fusion-text fusion-text-1\" style=\"--awb-margin-top:10px;\"><p data-start=\"0\" data-end=\"130\">Anche questa primavera partecipiamo alla storia gastronomica <span class=\"hover:entity-accent entity-underline inline cursor-pointer align-baseline\"><span class=\"whitespace-normal\">Travel To Taste Krk 2026<\/span><\/span>, che dura fino al 31\/05\/2026.<\/p>\n<p data-start=\"132\" data-end=\"289\">La Trattoria Glavotok vi propone un\u2019offerta speciale ispirata ai sapori dell\u2019isola e agli ingredienti stagionali \u2013 con gli asparagi freschi in primo piano.<\/p>\n<p data-start=\"291\" data-end=\"338\" data-is-last-node=\"\" data-is-only-node=\"\">Nella nostra offerta promozionale vi aspettano:<\/p>\n<\/div><ul style=\"--awb-size:17px;--awb-margin-bottom:0px;--awb-item-padding-top:12px;--awb-item-padding-right:60px;--awb-item-padding-left:0px;--awb-iconcolor:var(--awb-color6);--awb-line-height:28.9px;--awb-icon-width:28.9px;--awb-icon-height:28.9px;--awb-icon-margin:11.9px;--awb-content-margin:40.8px;\" class=\"fusion-checklist fusion-checklist-1 type-icons\"><li class=\"fusion-li-item\" style=\"\"><span class=\"icon-wrapper circle-no\"><i class=\"fusion-li-icon corporation-check\" aria-hidden=\"true\"><\/i><\/span><div class=\"fusion-li-item-content\">\n<section class=\"text-token-text-primary w-full focus:outline-none &#091;--shadow-height:45px&#093; has-data-writing-block:pointer-events-none has-data-writing-block:-mt-(--shadow-height) has-data-writing-block:pt-(--shadow-height) &#091;&amp;:has(&#091;data-writing-block&#093;)&gt;*&#093;:pointer-events-auto R6Vx5W_threadScrollVars scroll-mb-&#091;calc(var(--scroll-root-safe-area-inset-bottom,0px)+var(--thread-response-height))&#093; scroll-mt-(--header-height)\" dir=\"auto\" data-turn-id=\"c40241fc-783c-411d-9a53-d9b34db45461\" data-testid=\"conversation-turn-31\" data-scroll-anchor=\"false\" data-turn=\"user\"><\/section>\n<section class=\"text-token-text-primary w-full focus:outline-none &#091;--shadow-height:45px&#093; has-data-writing-block:pointer-events-none has-data-writing-block:-mt-(--shadow-height) has-data-writing-block:pt-(--shadow-height) &#091;&amp;:has(&#091;data-writing-block&#093;)&gt;*&#093;:pointer-events-auto &#091;content-visibility:auto&#093; supports-&#091;content-visibility:auto&#093;:&#091;contain-intrinsic-size:auto_100lvh&#093; R6Vx5W_threadScrollVars scroll-mb-&#091;calc(var(--scroll-root-safe-area-inset-bottom,0px)+var(--thread-response-height))&#093; scroll-mt-&#091;calc(var(--header-height)+min(200px,max(70px,20svh)))&#093;\" dir=\"auto\" data-turn-id=\"request-WEB:ff3ce961-36fc-4d08-bb67-6e70c3c08550-15\" data-testid=\"conversation-turn-32\" data-scroll-anchor=\"false\" data-turn=\"assistant\">\n<div class=\"text-base my-auto mx-auto pb-10 &#091;--thread-content-margin:var(--thread-content-margin-xs,calc(var(--spacing)*4))&#093; @w-sm\/main:&#091;--thread-content-margin:var(--thread-content-margin-sm,calc(var(--spacing)*6))&#093; @w-lg\/main:&#091;--thread-content-margin:var(--thread-content-margin-lg,calc(var(--spacing)*16))&#093; px-(--thread-content-margin)\">\n<div class=\"&#091;--thread-content-max-width:40rem&#093; @w-lg\/main:&#091;--thread-content-max-width:48rem&#093; mx-auto max-w-(--thread-content-max-width) flex-1 group\/turn-messages focus-visible:outline-hidden relative flex w-full min-w-0 flex-col agent-turn\">\n<div class=\"flex max-w-full flex-col gap-4 grow\">\n<div class=\"min-h-8 text-message relative flex w-full flex-col items-end gap-2 text-start break-words whitespace-normal outline-none keyboard-focused:focus-ring &#091;.text-message+&amp;&#093;:mt-1\" dir=\"auto\" tabindex=\"0\" data-message-author-role=\"assistant\" data-message-id=\"ee97a2b8-0b05-4a89-ab31-aecd449c8012\" data-message-model-slug=\"gpt-5-3-mini\" data-turn-start-message=\"true\">\n<div class=\"flex w-full flex-col gap-1 empty:hidden\">\n<div class=\"markdown prose dark:prose-invert w-full wrap-break-word light markdown-new-styling\">\n<p>Vellutata di asparagi<\/p>\n<\/div>\n<\/div>\n<\/div>\n<\/div>\n<\/div>\n<\/div>\n<\/section>\n<\/div><\/li><li class=\"fusion-li-item\" style=\"\"><span class=\"icon-wrapper circle-no\"><i class=\"fusion-li-icon corporation-check\" aria-hidden=\"true\"><\/i><\/span><div class=\"fusion-li-item-content\">\n<p>Bruschetta con asparagi e chips di pancetta<\/p>\n<\/div><\/li><li class=\"fusion-li-item\" style=\"\"><span class=\"icon-wrapper circle-no\"><i class=\"fusion-li-icon corporation-check\" aria-hidden=\"true\"><\/i><\/span><div class=\"fusion-li-item-content\">\n<p>Filetto di rana pescatrice con asparagi e pljukanci al nero di seppia<\/p>\n<\/div><\/li><li class=\"fusion-li-item\" style=\"\"><span class=\"icon-wrapper circle-no\"><i class=\"fusion-li-icon corporation-check\" aria-hidden=\"true\"><\/i><\/span><div class=\"fusion-li-item-content\">\n<p>Risotto con asparagi e scampi<\/p>\n<\/div><\/li><\/ul><div class=\"fusion-text fusion-text-2\" style=\"--awb-margin-top:30px;\"><p>Venite a vivere la primavera nel piatto \u2013 ci vediamo a Glavotok!<\/p>\n<\/div><\/div><\/div><\/div><\/div>\n","protected":false},"excerpt":{"rendered":"<p>La Trattoria Glavotok partecipa alla promozione Travel To Taste Krk 2026<\/p>\n","protected":false},"author":2,"featured_media":8383,"comment_status":"closed","ping_status":"closed","sticky":false,"template":"","format":"standard","meta":{"_acf_changed":false,"footnotes":""},"categories":[195],"tags":[],"class_list":["post-8382","post","type-post","status-publish","format-standard","has-post-thumbnail","hentry","category-posebne-ponude"],"acf":[],"yoast_head":"<!-- This site is optimized with the Yoast SEO plugin v27.3 - https:\/\/yoast.com\/product\/yoast-seo-wordpress\/ -->\n<title>Travel To Taste Krk - Glavotok<\/title>\n<meta name=\"description\" content=\"Rezervirajte Wine &amp; Dine ponudu i do\u017eivite savr\u0161en spoj udobnosti, autenti\u010dne oto\u010dne kuhinje i lokalnih okusa.\" \/>\n<meta name=\"robots\" content=\"index, follow, max-snippet:-1, max-image-preview:large, max-video-preview:-1\" \/>\n<link rel=\"canonical\" href=\"https:\/\/kamp-glavotok.hr\/it\/travel-to-taste-krk\/\" \/>\n<meta property=\"og:locale\" content=\"it_IT\" \/>\n<meta property=\"og:type\" content=\"article\" \/>\n<meta property=\"og:title\" content=\"Travel To Taste Krk - Glavotok\" \/>\n<meta property=\"og:description\" content=\"Rezervirajte Wine &amp; Dine ponudu i do\u017eivite savr\u0161en spoj udobnosti, autenti\u010dne oto\u010dne kuhinje i lokalnih okusa.\" \/>\n<meta property=\"og:url\" content=\"https:\/\/kamp-glavotok.hr\/it\/travel-to-taste-krk\/\" \/>\n<meta property=\"og:site_name\" content=\"Glavotok\" \/>\n<meta property=\"article:published_time\" content=\"2026-04-30T11:41:33+00:00\" \/>\n<meta property=\"article:modified_time\" content=\"2026-04-30T11:57:13+00:00\" \/>\n<meta property=\"og:image\" content=\"https:\/\/kamp-glavotok.hr\/wp-content\/uploads\/2026\/04\/20260417_113637-scaled.jpg\" \/>\n\t<meta property=\"og:image:width\" content=\"1920\" \/>\n\t<meta property=\"og:image:height\" content=\"2560\" \/>\n\t<meta property=\"og:image:type\" content=\"image\/jpeg\" \/>\n<meta name=\"author\" content=\"Glavotok\" \/>\n<meta name=\"twitter:card\" content=\"summary_large_image\" \/>\n<meta name=\"twitter:label1\" content=\"Scritto da\" \/>\n\t<meta name=\"twitter:data1\" content=\"Glavotok\" \/>\n\t<meta name=\"twitter:label2\" content=\"Tempo di lettura stimato\" \/>\n\t<meta name=\"twitter:data2\" content=\"1 minuto\" \/>\n<script type=\"application\/ld+json\" class=\"yoast-schema-graph\">{\"@context\":\"https:\\\/\\\/schema.org\",\"@graph\":[{\"@type\":\"Article\",\"@id\":\"https:\\\/\\\/kamp-glavotok.hr\\\/it\\\/travel-to-taste-krk\\\/#article\",\"isPartOf\":{\"@id\":\"https:\\\/\\\/kamp-glavotok.hr\\\/it\\\/travel-to-taste-krk\\\/\"},\"author\":{\"name\":\"Glavotok\",\"@id\":\"https:\\\/\\\/kamp-glavotok.hr\\\/#\\\/schema\\\/person\\\/2c668e45e5105b0b9f11c3fd51a68717\"},\"headline\":\"Travel To Taste Krk\",\"datePublished\":\"2026-04-30T11:41:33+00:00\",\"dateModified\":\"2026-04-30T11:57:13+00:00\",\"mainEntityOfPage\":{\"@id\":\"https:\\\/\\\/kamp-glavotok.hr\\\/it\\\/travel-to-taste-krk\\\/\"},\"wordCount\":1079,\"image\":{\"@id\":\"https:\\\/\\\/kamp-glavotok.hr\\\/it\\\/travel-to-taste-krk\\\/#primaryimage\"},\"thumbnailUrl\":\"https:\\\/\\\/kamp-glavotok.hr\\\/wp-content\\\/uploads\\\/2026\\\/04\\\/20260417_113637-scaled.jpg\",\"articleSection\":[\"Offerte Speciali\"],\"inLanguage\":\"it-IT\"},{\"@type\":\"WebPage\",\"@id\":\"https:\\\/\\\/kamp-glavotok.hr\\\/it\\\/travel-to-taste-krk\\\/\",\"url\":\"https:\\\/\\\/kamp-glavotok.hr\\\/it\\\/travel-to-taste-krk\\\/\",\"name\":\"Travel To Taste Krk - Glavotok\",\"isPartOf\":{\"@id\":\"https:\\\/\\\/kamp-glavotok.hr\\\/#website\"},\"primaryImageOfPage\":{\"@id\":\"https:\\\/\\\/kamp-glavotok.hr\\\/it\\\/travel-to-taste-krk\\\/#primaryimage\"},\"image\":{\"@id\":\"https:\\\/\\\/kamp-glavotok.hr\\\/it\\\/travel-to-taste-krk\\\/#primaryimage\"},\"thumbnailUrl\":\"https:\\\/\\\/kamp-glavotok.hr\\\/wp-content\\\/uploads\\\/2026\\\/04\\\/20260417_113637-scaled.jpg\",\"datePublished\":\"2026-04-30T11:41:33+00:00\",\"dateModified\":\"2026-04-30T11:57:13+00:00\",\"author\":{\"@id\":\"https:\\\/\\\/kamp-glavotok.hr\\\/#\\\/schema\\\/person\\\/2c668e45e5105b0b9f11c3fd51a68717\"},\"description\":\"Rezervirajte Wine & Dine ponudu i do\u017eivite savr\u0161en spoj udobnosti, autenti\u010dne oto\u010dne kuhinje i lokalnih okusa.\",\"breadcrumb\":{\"@id\":\"https:\\\/\\\/kamp-glavotok.hr\\\/it\\\/travel-to-taste-krk\\\/#breadcrumb\"},\"inLanguage\":\"it-IT\",\"potentialAction\":[{\"@type\":\"ReadAction\",\"target\":[\"https:\\\/\\\/kamp-glavotok.hr\\\/it\\\/travel-to-taste-krk\\\/\"]}]},{\"@type\":\"ImageObject\",\"inLanguage\":\"it-IT\",\"@id\":\"https:\\\/\\\/kamp-glavotok.hr\\\/it\\\/travel-to-taste-krk\\\/#primaryimage\",\"url\":\"https:\\\/\\\/kamp-glavotok.hr\\\/wp-content\\\/uploads\\\/2026\\\/04\\\/20260417_113637-scaled.jpg\",\"contentUrl\":\"https:\\\/\\\/kamp-glavotok.hr\\\/wp-content\\\/uploads\\\/2026\\\/04\\\/20260417_113637-scaled.jpg\",\"width\":1920,\"height\":2560,\"caption\":\"Trattoria Glavotok\"},{\"@type\":\"BreadcrumbList\",\"@id\":\"https:\\\/\\\/kamp-glavotok.hr\\\/it\\\/travel-to-taste-krk\\\/#breadcrumb\",\"itemListElement\":[{\"@type\":\"ListItem\",\"position\":1,\"name\":\"Home\",\"item\":\"https:\\\/\\\/kamp-glavotok.hr\\\/it\\\/\"},{\"@type\":\"ListItem\",\"position\":2,\"name\":\"Travel To Taste Krk\"}]},{\"@type\":\"WebSite\",\"@id\":\"https:\\\/\\\/kamp-glavotok.hr\\\/#website\",\"url\":\"https:\\\/\\\/kamp-glavotok.hr\\\/\",\"name\":\"Glavotok\",\"description\":\"Premium green camp\",\"potentialAction\":[{\"@type\":\"SearchAction\",\"target\":{\"@type\":\"EntryPoint\",\"urlTemplate\":\"https:\\\/\\\/kamp-glavotok.hr\\\/?s={search_term_string}\"},\"query-input\":{\"@type\":\"PropertyValueSpecification\",\"valueRequired\":true,\"valueName\":\"search_term_string\"}}],\"inLanguage\":\"it-IT\"},{\"@type\":\"Person\",\"@id\":\"https:\\\/\\\/kamp-glavotok.hr\\\/#\\\/schema\\\/person\\\/2c668e45e5105b0b9f11c3fd51a68717\",\"name\":\"Glavotok\",\"url\":\"https:\\\/\\\/kamp-glavotok.hr\\\/it\\\/author\\\/kampglavotok\\\/\"}]}<\/script>\n<!-- \/ Yoast SEO plugin. -->","yoast_head_json":{"title":"Travel To Taste Krk - Glavotok","description":"Rezervirajte Wine & Dine ponudu i do\u017eivite savr\u0161en spoj udobnosti, autenti\u010dne oto\u010dne kuhinje i lokalnih okusa.","robots":{"index":"index","follow":"follow","max-snippet":"max-snippet:-1","max-image-preview":"max-image-preview:large","max-video-preview":"max-video-preview:-1"},"canonical":"https:\/\/kamp-glavotok.hr\/it\/travel-to-taste-krk\/","og_locale":"it_IT","og_type":"article","og_title":"Travel To Taste Krk - Glavotok","og_description":"Rezervirajte Wine & Dine ponudu i do\u017eivite savr\u0161en spoj udobnosti, autenti\u010dne oto\u010dne kuhinje i lokalnih okusa.","og_url":"https:\/\/kamp-glavotok.hr\/it\/travel-to-taste-krk\/","og_site_name":"Glavotok","article_published_time":"2026-04-30T11:41:33+00:00","article_modified_time":"2026-04-30T11:57:13+00:00","og_image":[{"width":1920,"height":2560,"url":"https:\/\/kamp-glavotok.hr\/wp-content\/uploads\/2026\/04\/20260417_113637-scaled.jpg","type":"image\/jpeg"}],"author":"Glavotok","twitter_card":"summary_large_image","twitter_misc":{"Scritto da":"Glavotok","Tempo di lettura stimato":"1 minuto"},"schema":{"@context":"https:\/\/schema.org","@graph":[{"@type":"Article","@id":"https:\/\/kamp-glavotok.hr\/it\/travel-to-taste-krk\/#article","isPartOf":{"@id":"https:\/\/kamp-glavotok.hr\/it\/travel-to-taste-krk\/"},"author":{"name":"Glavotok","@id":"https:\/\/kamp-glavotok.hr\/#\/schema\/person\/2c668e45e5105b0b9f11c3fd51a68717"},"headline":"Travel To Taste Krk","datePublished":"2026-04-30T11:41:33+00:00","dateModified":"2026-04-30T11:57:13+00:00","mainEntityOfPage":{"@id":"https:\/\/kamp-glavotok.hr\/it\/travel-to-taste-krk\/"},"wordCount":1079,"image":{"@id":"https:\/\/kamp-glavotok.hr\/it\/travel-to-taste-krk\/#primaryimage"},"thumbnailUrl":"https:\/\/kamp-glavotok.hr\/wp-content\/uploads\/2026\/04\/20260417_113637-scaled.jpg","articleSection":["Offerte Speciali"],"inLanguage":"it-IT"},{"@type":"WebPage","@id":"https:\/\/kamp-glavotok.hr\/it\/travel-to-taste-krk\/","url":"https:\/\/kamp-glavotok.hr\/it\/travel-to-taste-krk\/","name":"Travel To Taste Krk - Glavotok","isPartOf":{"@id":"https:\/\/kamp-glavotok.hr\/#website"},"primaryImageOfPage":{"@id":"https:\/\/kamp-glavotok.hr\/it\/travel-to-taste-krk\/#primaryimage"},"image":{"@id":"https:\/\/kamp-glavotok.hr\/it\/travel-to-taste-krk\/#primaryimage"},"thumbnailUrl":"https:\/\/kamp-glavotok.hr\/wp-content\/uploads\/2026\/04\/20260417_113637-scaled.jpg","datePublished":"2026-04-30T11:41:33+00:00","dateModified":"2026-04-30T11:57:13+00:00","author":{"@id":"https:\/\/kamp-glavotok.hr\/#\/schema\/person\/2c668e45e5105b0b9f11c3fd51a68717"},"description":"Rezervirajte Wine & Dine ponudu i do\u017eivite savr\u0161en spoj udobnosti, autenti\u010dne oto\u010dne kuhinje i lokalnih okusa.","breadcrumb":{"@id":"https:\/\/kamp-glavotok.hr\/it\/travel-to-taste-krk\/#breadcrumb"},"inLanguage":"it-IT","potentialAction":[{"@type":"ReadAction","target":["https:\/\/kamp-glavotok.hr\/it\/travel-to-taste-krk\/"]}]},{"@type":"ImageObject","inLanguage":"it-IT","@id":"https:\/\/kamp-glavotok.hr\/it\/travel-to-taste-krk\/#primaryimage","url":"https:\/\/kamp-glavotok.hr\/wp-content\/uploads\/2026\/04\/20260417_113637-scaled.jpg","contentUrl":"https:\/\/kamp-glavotok.hr\/wp-content\/uploads\/2026\/04\/20260417_113637-scaled.jpg","width":1920,"height":2560,"caption":"Trattoria Glavotok"},{"@type":"BreadcrumbList","@id":"https:\/\/kamp-glavotok.hr\/it\/travel-to-taste-krk\/#breadcrumb","itemListElement":[{"@type":"ListItem","position":1,"name":"Home","item":"https:\/\/kamp-glavotok.hr\/it\/"},{"@type":"ListItem","position":2,"name":"Travel To Taste Krk"}]},{"@type":"WebSite","@id":"https:\/\/kamp-glavotok.hr\/#website","url":"https:\/\/kamp-glavotok.hr\/","name":"Glavotok","description":"Premium green camp","potentialAction":[{"@type":"SearchAction","target":{"@type":"EntryPoint","urlTemplate":"https:\/\/kamp-glavotok.hr\/?s={search_term_string}"},"query-input":{"@type":"PropertyValueSpecification","valueRequired":true,"valueName":"search_term_string"}}],"inLanguage":"it-IT"},{"@type":"Person","@id":"https:\/\/kamp-glavotok.hr\/#\/schema\/person\/2c668e45e5105b0b9f11c3fd51a68717","name":"Glavotok","url":"https:\/\/kamp-glavotok.hr\/it\/author\/kampglavotok\/"}]}},"_links":{"self":[{"href":"https:\/\/kamp-glavotok.hr\/it\/wp-json\/wp\/v2\/posts\/8382","targetHints":{"allow":["GET"]}}],"collection":[{"href":"https:\/\/kamp-glavotok.hr\/it\/wp-json\/wp\/v2\/posts"}],"about":[{"href":"https:\/\/kamp-glavotok.hr\/it\/wp-json\/wp\/v2\/types\/post"}],"author":[{"embeddable":true,"href":"https:\/\/kamp-glavotok.hr\/it\/wp-json\/wp\/v2\/users\/2"}],"replies":[{"embeddable":true,"href":"https:\/\/kamp-glavotok.hr\/it\/wp-json\/wp\/v2\/comments?post=8382"}],"version-history":[{"count":3,"href":"https:\/\/kamp-glavotok.hr\/it\/wp-json\/wp\/v2\/posts\/8382\/revisions"}],"predecessor-version":[{"id":8398,"href":"https:\/\/kamp-glavotok.hr\/it\/wp-json\/wp\/v2\/posts\/8382\/revisions\/8398"}],"wp:featuredmedia":[{"embeddable":true,"href":"https:\/\/kamp-glavotok.hr\/it\/wp-json\/wp\/v2\/media\/8383"}],"wp:attachment":[{"href":"https:\/\/kamp-glavotok.hr\/it\/wp-json\/wp\/v2\/media?parent=8382"}],"wp:term":[{"taxonomy":"category","embeddable":true,"href":"https:\/\/kamp-glavotok.hr\/it\/wp-json\/wp\/v2\/categories?post=8382"},{"taxonomy":"post_tag","embeddable":true,"href":"https:\/\/kamp-glavotok.hr\/it\/wp-json\/wp\/v2\/tags?post=8382"}],"curies":[{"name":"wp","href":"https:\/\/api.w.org\/{rel}","templated":true}]}}