{"id":5478,"date":"2025-09-10T11:48:50","date_gmt":"2025-09-10T11:48:50","guid":{"rendered":"https:\/\/kamp-glavotok.hr\/turisticki-cvijet-kvaliteta-za-hrvatsku\/"},"modified":"2026-02-17T14:29:35","modified_gmt":"2026-02-17T14:29:35","slug":"fiore-turistico-qualita-per-la-croazia","status":"publish","type":"post","link":"https:\/\/kamp-glavotok.hr\/it\/fiore-turistico-qualita-per-la-croazia\/","title":{"rendered":"&#8220;Fiore turistico &#8211; qualit\u00e0 per la Croazia&#8221;"},"content":{"rendered":"<div class=\"fusion-fullwidth fullwidth-box fusion-builder-row-1 fusion-flex-container nonhundred-percent-fullwidth non-hundred-percent-height-scrolling\" style=\"--awb-border-radius-top-left:0px;--awb-border-radius-top-right:0px;--awb-border-radius-bottom-right:0px;--awb-border-radius-bottom-left:0px;--awb-flex-wrap:wrap;\" ><div class=\"fusion-builder-row fusion-row fusion-flex-align-items-flex-start fusion-flex-justify-content-center fusion-flex-content-wrap\" style=\"max-width:1248px;margin-left: calc(-4% \/ 2 );margin-right: calc(-4% \/ 2 );\"><div class=\"fusion-layout-column fusion_builder_column fusion-builder-column-0 fusion_builder_column_1_1 1_1 fusion-flex-column\" style=\"--awb-bg-size:cover;--awb-width-large:100%;--awb-margin-top-large:0px;--awb-spacing-right-large:1.92%;--awb-margin-bottom-large:0px;--awb-spacing-left-large:1.92%;--awb-width-medium:100%;--awb-order-medium:0;--awb-spacing-right-medium:1.92%;--awb-spacing-left-medium:1.92%;--awb-width-small:100%;--awb-order-small:0;--awb-spacing-right-small:1.92%;--awb-spacing-left-small:1.92%;\"><div class=\"fusion-column-wrapper fusion-column-has-shadow fusion-flex-justify-content-flex-start fusion-content-layout-column\"><div class=\"fusion-text fusion-text-1\" style=\"--awb-margin-top:10px;\"><p>Durante la stagione turistica, la Camera di Commercio croata e la Radiotelevisione croata hanno portato avanti la tradizionale campagna &#8220;Fiore turistico &#8211; qualit\u00e0 per la Croazia\u201d, in cui vengono premiate le migliori destinazioni turistiche croate, gli alberghi, le marine, i campeggi e le spiagge, nonch\u00e9 le istituzioni, le associazioni e i singoli che contribuiscono al miglioramento della qualit\u00e0 e alla competitivit\u00e0 dell&#8217;offerta turistica croata.<\/p>\n<p>Il premio \u00e8 stato assegnato durante la cerimonia di premiazione tenutasi a Zara, presso l&#8217;Hotel Iadera, Punta Skala, gioved\u00ec 24 ottobre 2013, nell&#8217;ambito dell&#8217;evento &#8220;Giornate del turismo croato 2013\u201d.<\/p>\n<p>In occasione delle Giornate del turismo croato, tenutesi nel 2016 sull&#8217;isola di Bra\u010d, il campeggio Glavotok \u00e8 stato insignito del premio\u00a0<b>Fiore turistico 2016 &#8211; qualit\u00e0 per la Croazia.<\/b><\/p>\n<p>Fiore turistico &#8211; qualit\u00e0 per la Croazia \u00e8 un&#8217;azione condotta dal Ministero del Turismo della Repubblica di Croazia, dalla Camera di Commercio croata e dall&#8217;Ente turistico croato. Nella categoria dei migliori eco-campi dell&#8217;Adriatico,\u00a0<b>il campeggio Glavotok si \u00e8 aggiudicato il terzo posto<\/b>.<\/p>\n<\/div><\/div><\/div><\/div><\/div>\n","protected":false},"excerpt":{"rendered":"<p>Il campeggio Glavotok ha ricevuto il\u00a0&#8220;17\u00b0 Fiore turistico &#8211; Qualit\u00e0 per la Croazia\u201d, un premio speciale per un campeggio ecologico.<\/p>\n","protected":false},"author":1,"featured_media":5435,"comment_status":"closed","ping_status":"closed","sticky":false,"template":"","format":"standard","meta":{"_acf_changed":false,"footnotes":""},"categories":[190],"tags":[],"class_list":["post-5478","post","type-post","status-publish","format-standard","has-post-thumbnail","hentry","category-nas-rad"],"acf":[],"yoast_head":"<!-- This site is optimized with the Yoast SEO plugin v27.3 - https:\/\/yoast.com\/product\/yoast-seo-wordpress\/ -->\n<title>&quot;Fiore turistico - qualit\u00e0 per la Croazia&quot; - Glavotok<\/title>\n<meta name=\"description\" content=\"Il campeggio Glavotok ha ricevuto il\u00a0&quot;17\u00b0 Fiore turistico - Qualit\u00e0 per la Croazia\u201d, un premio speciale per un campeggio ecologico.\" \/>\n<meta name=\"robots\" content=\"index, follow, max-snippet:-1, max-image-preview:large, max-video-preview:-1\" \/>\n<link rel=\"canonical\" href=\"https:\/\/kamp-glavotok.hr\/it\/fiore-turistico-qualita-per-la-croazia\/\" \/>\n<meta property=\"og:locale\" content=\"it_IT\" \/>\n<meta property=\"og:type\" content=\"article\" \/>\n<meta property=\"og:title\" content=\"&quot;Fiore turistico - qualit\u00e0 per la Croazia&quot; - Glavotok\" \/>\n<meta property=\"og:description\" content=\"Il campeggio Glavotok ha ricevuto il\u00a0&quot;17\u00b0 Fiore turistico - Qualit\u00e0 per la Croazia\u201d, un premio speciale per un campeggio ecologico.\" \/>\n<meta property=\"og:url\" content=\"https:\/\/kamp-glavotok.hr\/it\/fiore-turistico-qualita-per-la-croazia\/\" \/>\n<meta property=\"og:site_name\" content=\"Glavotok\" \/>\n<meta property=\"article:published_time\" content=\"2025-09-10T11:48:50+00:00\" \/>\n<meta property=\"article:modified_time\" content=\"2026-02-17T14:29:35+00:00\" \/>\n<meta property=\"og:image\" content=\"https:\/\/kamp-glavotok.hr\/wp-content\/uploads\/2025\/09\/Kamp-Glavotok-2025-20-min.jpg\" \/>\n\t<meta property=\"og:image:width\" content=\"1920\" \/>\n\t<meta property=\"og:image:height\" content=\"1280\" \/>\n\t<meta property=\"og:image:type\" content=\"image\/jpeg\" \/>\n<meta name=\"author\" content=\"swebart\" \/>\n<meta name=\"twitter:card\" content=\"summary_large_image\" \/>\n<meta name=\"twitter:label1\" content=\"Scritto da\" \/>\n\t<meta name=\"twitter:data1\" content=\"swebart\" \/>\n\t<meta name=\"twitter:label2\" content=\"Tempo di lettura stimato\" \/>\n\t<meta name=\"twitter:data2\" content=\"2 minuti\" \/>\n<script type=\"application\/ld+json\" class=\"yoast-schema-graph\">{\"@context\":\"https:\\\/\\\/schema.org\",\"@graph\":[{\"@type\":\"Article\",\"@id\":\"https:\\\/\\\/kamp-glavotok.hr\\\/it\\\/fiore-turistico-qualita-per-la-croazia\\\/#article\",\"isPartOf\":{\"@id\":\"https:\\\/\\\/kamp-glavotok.hr\\\/it\\\/fiore-turistico-qualita-per-la-croazia\\\/\"},\"author\":{\"name\":\"swebart\",\"@id\":\"https:\\\/\\\/kamp-glavotok.hr\\\/#\\\/schema\\\/person\\\/e24d1df426f624179c110df6101c232e\"},\"headline\":\"&#8220;Fiore turistico &#8211; qualit\u00e0 per la Croazia&#8221;\",\"datePublished\":\"2025-09-10T11:48:50+00:00\",\"dateModified\":\"2026-02-17T14:29:35+00:00\",\"mainEntityOfPage\":{\"@id\":\"https:\\\/\\\/kamp-glavotok.hr\\\/it\\\/fiore-turistico-qualita-per-la-croazia\\\/\"},\"wordCount\":641,\"image\":{\"@id\":\"https:\\\/\\\/kamp-glavotok.hr\\\/it\\\/fiore-turistico-qualita-per-la-croazia\\\/#primaryimage\"},\"thumbnailUrl\":\"https:\\\/\\\/kamp-glavotok.hr\\\/wp-content\\\/uploads\\\/2025\\\/09\\\/Kamp-Glavotok-2025-20-min.jpg\",\"articleSection\":[\"Il nostro lavoro\"],\"inLanguage\":\"it-IT\"},{\"@type\":\"WebPage\",\"@id\":\"https:\\\/\\\/kamp-glavotok.hr\\\/it\\\/fiore-turistico-qualita-per-la-croazia\\\/\",\"url\":\"https:\\\/\\\/kamp-glavotok.hr\\\/it\\\/fiore-turistico-qualita-per-la-croazia\\\/\",\"name\":\"\\\"Fiore turistico - qualit\u00e0 per la Croazia\\\" - Glavotok\",\"isPartOf\":{\"@id\":\"https:\\\/\\\/kamp-glavotok.hr\\\/#website\"},\"primaryImageOfPage\":{\"@id\":\"https:\\\/\\\/kamp-glavotok.hr\\\/it\\\/fiore-turistico-qualita-per-la-croazia\\\/#primaryimage\"},\"image\":{\"@id\":\"https:\\\/\\\/kamp-glavotok.hr\\\/it\\\/fiore-turistico-qualita-per-la-croazia\\\/#primaryimage\"},\"thumbnailUrl\":\"https:\\\/\\\/kamp-glavotok.hr\\\/wp-content\\\/uploads\\\/2025\\\/09\\\/Kamp-Glavotok-2025-20-min.jpg\",\"datePublished\":\"2025-09-10T11:48:50+00:00\",\"dateModified\":\"2026-02-17T14:29:35+00:00\",\"author\":{\"@id\":\"https:\\\/\\\/kamp-glavotok.hr\\\/#\\\/schema\\\/person\\\/e24d1df426f624179c110df6101c232e\"},\"description\":\"Il campeggio Glavotok ha ricevuto il\u00a0\\\"17\u00b0 Fiore turistico - Qualit\u00e0 per la Croazia\u201d, un premio speciale per un campeggio ecologico.\",\"breadcrumb\":{\"@id\":\"https:\\\/\\\/kamp-glavotok.hr\\\/it\\\/fiore-turistico-qualita-per-la-croazia\\\/#breadcrumb\"},\"inLanguage\":\"it-IT\",\"potentialAction\":[{\"@type\":\"ReadAction\",\"target\":[\"https:\\\/\\\/kamp-glavotok.hr\\\/it\\\/fiore-turistico-qualita-per-la-croazia\\\/\"]}]},{\"@type\":\"ImageObject\",\"inLanguage\":\"it-IT\",\"@id\":\"https:\\\/\\\/kamp-glavotok.hr\\\/it\\\/fiore-turistico-qualita-per-la-croazia\\\/#primaryimage\",\"url\":\"https:\\\/\\\/kamp-glavotok.hr\\\/wp-content\\\/uploads\\\/2025\\\/09\\\/Kamp-Glavotok-2025-20-min.jpg\",\"contentUrl\":\"https:\\\/\\\/kamp-glavotok.hr\\\/wp-content\\\/uploads\\\/2025\\\/09\\\/Kamp-Glavotok-2025-20-min.jpg\",\"width\":1920,\"height\":1280},{\"@type\":\"BreadcrumbList\",\"@id\":\"https:\\\/\\\/kamp-glavotok.hr\\\/it\\\/fiore-turistico-qualita-per-la-croazia\\\/#breadcrumb\",\"itemListElement\":[{\"@type\":\"ListItem\",\"position\":1,\"name\":\"Home\",\"item\":\"https:\\\/\\\/kamp-glavotok.hr\\\/it\\\/\"},{\"@type\":\"ListItem\",\"position\":2,\"name\":\"&#8220;Fiore turistico &#8211; qualit\u00e0 per la Croazia&#8221;\"}]},{\"@type\":\"WebSite\",\"@id\":\"https:\\\/\\\/kamp-glavotok.hr\\\/#website\",\"url\":\"https:\\\/\\\/kamp-glavotok.hr\\\/\",\"name\":\"Glavotok\",\"description\":\"Premium green camp\",\"potentialAction\":[{\"@type\":\"SearchAction\",\"target\":{\"@type\":\"EntryPoint\",\"urlTemplate\":\"https:\\\/\\\/kamp-glavotok.hr\\\/?s={search_term_string}\"},\"query-input\":{\"@type\":\"PropertyValueSpecification\",\"valueRequired\":true,\"valueName\":\"search_term_string\"}}],\"inLanguage\":\"it-IT\"},{\"@type\":\"Person\",\"@id\":\"https:\\\/\\\/kamp-glavotok.hr\\\/#\\\/schema\\\/person\\\/e24d1df426f624179c110df6101c232e\",\"name\":\"swebart\",\"sameAs\":[\"https:\\\/\\\/kamp-glavotok.hr\"],\"url\":\"https:\\\/\\\/kamp-glavotok.hr\\\/it\\\/author\\\/swebart\\\/\"}]}<\/script>\n<!-- \/ Yoast SEO plugin. -->","yoast_head_json":{"title":"\"Fiore turistico - qualit\u00e0 per la Croazia\" - Glavotok","description":"Il campeggio Glavotok ha ricevuto il\u00a0\"17\u00b0 Fiore turistico - Qualit\u00e0 per la Croazia\u201d, un premio speciale per un campeggio ecologico.","robots":{"index":"index","follow":"follow","max-snippet":"max-snippet:-1","max-image-preview":"max-image-preview:large","max-video-preview":"max-video-preview:-1"},"canonical":"https:\/\/kamp-glavotok.hr\/it\/fiore-turistico-qualita-per-la-croazia\/","og_locale":"it_IT","og_type":"article","og_title":"\"Fiore turistico - qualit\u00e0 per la Croazia\" - Glavotok","og_description":"Il campeggio Glavotok ha ricevuto il\u00a0\"17\u00b0 Fiore turistico - Qualit\u00e0 per la Croazia\u201d, un premio speciale per un campeggio ecologico.","og_url":"https:\/\/kamp-glavotok.hr\/it\/fiore-turistico-qualita-per-la-croazia\/","og_site_name":"Glavotok","article_published_time":"2025-09-10T11:48:50+00:00","article_modified_time":"2026-02-17T14:29:35+00:00","og_image":[{"width":1920,"height":1280,"url":"https:\/\/kamp-glavotok.hr\/wp-content\/uploads\/2025\/09\/Kamp-Glavotok-2025-20-min.jpg","type":"image\/jpeg"}],"author":"swebart","twitter_card":"summary_large_image","twitter_misc":{"Scritto da":"swebart","Tempo di lettura stimato":"2 minuti"},"schema":{"@context":"https:\/\/schema.org","@graph":[{"@type":"Article","@id":"https:\/\/kamp-glavotok.hr\/it\/fiore-turistico-qualita-per-la-croazia\/#article","isPartOf":{"@id":"https:\/\/kamp-glavotok.hr\/it\/fiore-turistico-qualita-per-la-croazia\/"},"author":{"name":"swebart","@id":"https:\/\/kamp-glavotok.hr\/#\/schema\/person\/e24d1df426f624179c110df6101c232e"},"headline":"&#8220;Fiore turistico &#8211; qualit\u00e0 per la Croazia&#8221;","datePublished":"2025-09-10T11:48:50+00:00","dateModified":"2026-02-17T14:29:35+00:00","mainEntityOfPage":{"@id":"https:\/\/kamp-glavotok.hr\/it\/fiore-turistico-qualita-per-la-croazia\/"},"wordCount":641,"image":{"@id":"https:\/\/kamp-glavotok.hr\/it\/fiore-turistico-qualita-per-la-croazia\/#primaryimage"},"thumbnailUrl":"https:\/\/kamp-glavotok.hr\/wp-content\/uploads\/2025\/09\/Kamp-Glavotok-2025-20-min.jpg","articleSection":["Il nostro lavoro"],"inLanguage":"it-IT"},{"@type":"WebPage","@id":"https:\/\/kamp-glavotok.hr\/it\/fiore-turistico-qualita-per-la-croazia\/","url":"https:\/\/kamp-glavotok.hr\/it\/fiore-turistico-qualita-per-la-croazia\/","name":"\"Fiore turistico - qualit\u00e0 per la Croazia\" - Glavotok","isPartOf":{"@id":"https:\/\/kamp-glavotok.hr\/#website"},"primaryImageOfPage":{"@id":"https:\/\/kamp-glavotok.hr\/it\/fiore-turistico-qualita-per-la-croazia\/#primaryimage"},"image":{"@id":"https:\/\/kamp-glavotok.hr\/it\/fiore-turistico-qualita-per-la-croazia\/#primaryimage"},"thumbnailUrl":"https:\/\/kamp-glavotok.hr\/wp-content\/uploads\/2025\/09\/Kamp-Glavotok-2025-20-min.jpg","datePublished":"2025-09-10T11:48:50+00:00","dateModified":"2026-02-17T14:29:35+00:00","author":{"@id":"https:\/\/kamp-glavotok.hr\/#\/schema\/person\/e24d1df426f624179c110df6101c232e"},"description":"Il campeggio Glavotok ha ricevuto il\u00a0\"17\u00b0 Fiore turistico - Qualit\u00e0 per la Croazia\u201d, un premio speciale per un campeggio ecologico.","breadcrumb":{"@id":"https:\/\/kamp-glavotok.hr\/it\/fiore-turistico-qualita-per-la-croazia\/#breadcrumb"},"inLanguage":"it-IT","potentialAction":[{"@type":"ReadAction","target":["https:\/\/kamp-glavotok.hr\/it\/fiore-turistico-qualita-per-la-croazia\/"]}]},{"@type":"ImageObject","inLanguage":"it-IT","@id":"https:\/\/kamp-glavotok.hr\/it\/fiore-turistico-qualita-per-la-croazia\/#primaryimage","url":"https:\/\/kamp-glavotok.hr\/wp-content\/uploads\/2025\/09\/Kamp-Glavotok-2025-20-min.jpg","contentUrl":"https:\/\/kamp-glavotok.hr\/wp-content\/uploads\/2025\/09\/Kamp-Glavotok-2025-20-min.jpg","width":1920,"height":1280},{"@type":"BreadcrumbList","@id":"https:\/\/kamp-glavotok.hr\/it\/fiore-turistico-qualita-per-la-croazia\/#breadcrumb","itemListElement":[{"@type":"ListItem","position":1,"name":"Home","item":"https:\/\/kamp-glavotok.hr\/it\/"},{"@type":"ListItem","position":2,"name":"&#8220;Fiore turistico &#8211; qualit\u00e0 per la Croazia&#8221;"}]},{"@type":"WebSite","@id":"https:\/\/kamp-glavotok.hr\/#website","url":"https:\/\/kamp-glavotok.hr\/","name":"Glavotok","description":"Premium green camp","potentialAction":[{"@type":"SearchAction","target":{"@type":"EntryPoint","urlTemplate":"https:\/\/kamp-glavotok.hr\/?s={search_term_string}"},"query-input":{"@type":"PropertyValueSpecification","valueRequired":true,"valueName":"search_term_string"}}],"inLanguage":"it-IT"},{"@type":"Person","@id":"https:\/\/kamp-glavotok.hr\/#\/schema\/person\/e24d1df426f624179c110df6101c232e","name":"swebart","sameAs":["https:\/\/kamp-glavotok.hr"],"url":"https:\/\/kamp-glavotok.hr\/it\/author\/swebart\/"}]}},"_links":{"self":[{"href":"https:\/\/kamp-glavotok.hr\/it\/wp-json\/wp\/v2\/posts\/5478","targetHints":{"allow":["GET"]}}],"collection":[{"href":"https:\/\/kamp-glavotok.hr\/it\/wp-json\/wp\/v2\/posts"}],"about":[{"href":"https:\/\/kamp-glavotok.hr\/it\/wp-json\/wp\/v2\/types\/post"}],"author":[{"embeddable":true,"href":"https:\/\/kamp-glavotok.hr\/it\/wp-json\/wp\/v2\/users\/1"}],"replies":[{"embeddable":true,"href":"https:\/\/kamp-glavotok.hr\/it\/wp-json\/wp\/v2\/comments?post=5478"}],"version-history":[{"count":1,"href":"https:\/\/kamp-glavotok.hr\/it\/wp-json\/wp\/v2\/posts\/5478\/revisions"}],"predecessor-version":[{"id":5501,"href":"https:\/\/kamp-glavotok.hr\/it\/wp-json\/wp\/v2\/posts\/5478\/revisions\/5501"}],"wp:featuredmedia":[{"embeddable":true,"href":"https:\/\/kamp-glavotok.hr\/it\/wp-json\/wp\/v2\/media\/5435"}],"wp:attachment":[{"href":"https:\/\/kamp-glavotok.hr\/it\/wp-json\/wp\/v2\/media?parent=5478"}],"wp:term":[{"taxonomy":"category","embeddable":true,"href":"https:\/\/kamp-glavotok.hr\/it\/wp-json\/wp\/v2\/categories?post=5478"},{"taxonomy":"post_tag","embeddable":true,"href":"https:\/\/kamp-glavotok.hr\/it\/wp-json\/wp\/v2\/tags?post=5478"}],"curies":[{"name":"wp","href":"https:\/\/api.w.org\/{rel}","templated":true}]}}